{"id":670,"date":"2016-09-08T15:24:31","date_gmt":"2016-09-08T18:24:31","guid":{"rendered":"https:\/\/migr-gru.mz-sites.com\/?post_type=news&#038;p=670"},"modified":"2022-03-25T15:25:10","modified_gmt":"2022-03-25T18:25:10","slug":"notice-to-the-market-2","status":"publish","type":"news","link":"https:\/\/ri.gru.com.br\/en\/news\/notice-to-the-market-2\/","title":{"rendered":"NOTICE TO THE MARKET"},"content":{"rendered":"<p><strong>CONCESSION\u00c1RIA DO AEROPORTO INTERNACIONAL DE GUARULHOS S.A.<\/strong><br \/>\nCompanhia Aberta<br \/>\nCNPJ\/MF 15.578.569\/0001-06<br \/>\nNIRE: 35.300.438.26-4<\/p>\n<p><strong>COMUNICADO AO MERCADO<\/strong><\/p>\n<p>A Concession\u00e1ria do Aeroporto Internacional de Guarulhos S.A. (&#8220;Companhia&#8221;), em cumprimento \u00e0s disposi\u00e7\u00f5es da Instru\u00e7\u00e3o CVM n\u00ba 358, de 03 de janeiro de 2002 e posteriores altera\u00e7\u00f5es, comunica aos seus acionistas e ao mercado em geral que o Sr. Charles de Sirovy, Diretor Administrativo Financeiro e de Rela\u00e7\u00f5es com Investidores, renunciou ao seu cargo, com efeitos a partir de 01 de setembro de 2016.<\/p>\n<p>Ato cont\u00ednuo, comunica que o Conselho de Administra\u00e7\u00e3o da Concession\u00e1ria, em reuni\u00e3o realizada em 01 de setembro de 2016, elegeu ao cargo de Diretor Administrativo Financeiro e de Rela\u00e7\u00f5es com Investidores o Sr. Marcio Hermann Lewin.<\/p>\n<p>M\u00e1rcio Hermann Lewin tem 23 anos de experi\u00eancia profissional nas \u00e1reas Administrativo-Financeira, Novos Neg\u00f3cios, Fus\u00f5es e Aquisi\u00e7\u00f5es, Marketing, Controladoria e Estrat\u00e9gia. Trabalhou em empresas como: Invepar, Oi, Brasil Telecom, 3M, BASF e Arthur Andersen no Brasil, Alemanha e Reino Unido. \u00c9 Graduado em Administra\u00e7\u00e3o de Empresas pela FGV, em Direito pela USP e MBA pela London Business School. Em seu \u00faltimo desafio foi Diretor Administrativo-Financeiro e Rela\u00e7\u00f5es com Investidores do Metr\u00f4Rio.<\/p>\n<p>Guarulhos, 01 de setembro de 2016.<\/p>\n<p>Marcio Hermann Lewin<br \/>\nDiretor Administrativo-Financeiro<br \/>\ne de Rela\u00e7\u00f5es com Investidores<\/p>\n","protected":false},"featured_media":0,"template":"","class_list":["post-670","news","type-news","status-publish","hentry"],"yoast_head":"<!-- This site is optimized with the Yoast SEO plugin v23.5 - https:\/\/yoast.com\/wordpress\/plugins\/seo\/ -->\n<title>NOTICE TO THE MARKET - GRU Airport | IR<\/title>\n<meta name=\"robots\" content=\"index, follow, max-snippet:-1, max-image-preview:large, max-video-preview:-1\" \/>\n<link rel=\"canonical\" href=\"https:\/\/ri.gru.com.br\/en\/news\/notice-to-the-market-2\/\" \/>\n<meta property=\"og:locale\" content=\"en_US\" \/>\n<meta property=\"og:type\" content=\"article\" \/>\n<meta property=\"og:title\" content=\"NOTICE TO THE MARKET - GRU Airport | IR\" \/>\n<meta property=\"og:description\" content=\"CONCESSION\u00c1RIA DO AEROPORTO INTERNACIONAL DE GUARULHOS S.A. Companhia Aberta CNPJ\/MF 15.578.569\/0001-06 NIRE: 35.300.438.26-4 COMUNICADO AO MERCADO A Concession\u00e1ria do Aeroporto Internacional de Guarulhos S.A. (&#8220;Companhia&#8221;), em cumprimento \u00e0s disposi\u00e7\u00f5es da Instru\u00e7\u00e3o CVM n\u00ba 358, de 03 de janeiro de 2002 e posteriores altera\u00e7\u00f5es, comunica aos seus acionistas e ao mercado em geral que o Sr. [&hellip;]\" \/>\n<meta property=\"og:url\" content=\"https:\/\/ri.gru.com.br\/en\/news\/notice-to-the-market-2\/\" \/>\n<meta property=\"og:site_name\" content=\"GRU Airport | IR\" \/>\n<meta property=\"article:modified_time\" content=\"2022-03-25T18:25:10+00:00\" \/>\n<meta name=\"twitter:card\" content=\"summary_large_image\" \/>\n<meta name=\"twitter:label1\" content=\"Est. reading time\" \/>\n\t<meta name=\"twitter:data1\" content=\"2 minutes\" \/>\n<script type=\"application\/ld+json\" class=\"yoast-schema-graph\">{\"@context\":\"https:\/\/schema.org\",\"@graph\":[{\"@type\":\"WebPage\",\"@id\":\"https:\/\/ri.gru.com.br\/en\/news\/notice-to-the-market-2\/\",\"url\":\"https:\/\/ri.gru.com.br\/en\/news\/notice-to-the-market-2\/\",\"name\":\"NOTICE TO THE MARKET - GRU Airport | IR\",\"isPartOf\":{\"@id\":\"https:\/\/ri.gru.com.br\/en\/#website\"},\"datePublished\":\"2016-09-08T18:24:31+00:00\",\"dateModified\":\"2022-03-25T18:25:10+00:00\",\"breadcrumb\":{\"@id\":\"https:\/\/ri.gru.com.br\/en\/news\/notice-to-the-market-2\/#breadcrumb\"},\"inLanguage\":\"en-US\",\"potentialAction\":[{\"@type\":\"ReadAction\",\"target\":[\"https:\/\/ri.gru.com.br\/en\/news\/notice-to-the-market-2\/\"]}]},{\"@type\":\"BreadcrumbList\",\"@id\":\"https:\/\/ri.gru.com.br\/en\/news\/notice-to-the-market-2\/#breadcrumb\",\"itemListElement\":[{\"@type\":\"ListItem\",\"position\":1,\"name\":\"In\u00edcio\",\"item\":\"https:\/\/ri.gru.com.br\/en\/\"},{\"@type\":\"ListItem\",\"position\":2,\"name\":\"NOTICE TO THE MARKET\"}]},{\"@type\":\"WebSite\",\"@id\":\"https:\/\/ri.gru.com.br\/en\/#website\",\"url\":\"https:\/\/ri.gru.com.br\/en\/\",\"name\":\"GRU Airport | IR\",\"description\":\"Investor Relations\",\"potentialAction\":[{\"@type\":\"SearchAction\",\"target\":{\"@type\":\"EntryPoint\",\"urlTemplate\":\"https:\/\/ri.gru.com.br\/en\/?s={search_term_string}\"},\"query-input\":{\"@type\":\"PropertyValueSpecification\",\"valueRequired\":true,\"valueName\":\"search_term_string\"}}],\"inLanguage\":\"en-US\"}]}<\/script>\n<!-- \/ Yoast SEO plugin. -->","yoast_head_json":{"title":"NOTICE TO THE MARKET - GRU Airport | IR","robots":{"index":"index","follow":"follow","max-snippet":"max-snippet:-1","max-image-preview":"max-image-preview:large","max-video-preview":"max-video-preview:-1"},"canonical":"https:\/\/ri.gru.com.br\/en\/news\/notice-to-the-market-2\/","og_locale":"en_US","og_type":"article","og_title":"NOTICE TO THE MARKET - GRU Airport | IR","og_description":"CONCESSION\u00c1RIA DO AEROPORTO INTERNACIONAL DE GUARULHOS S.A. Companhia Aberta CNPJ\/MF 15.578.569\/0001-06 NIRE: 35.300.438.26-4 COMUNICADO AO MERCADO A Concession\u00e1ria do Aeroporto Internacional de Guarulhos S.A. (&#8220;Companhia&#8221;), em cumprimento \u00e0s disposi\u00e7\u00f5es da Instru\u00e7\u00e3o CVM n\u00ba 358, de 03 de janeiro de 2002 e posteriores altera\u00e7\u00f5es, comunica aos seus acionistas e ao mercado em geral que o Sr. [&hellip;]","og_url":"https:\/\/ri.gru.com.br\/en\/news\/notice-to-the-market-2\/","og_site_name":"GRU Airport | IR","article_modified_time":"2022-03-25T18:25:10+00:00","twitter_card":"summary_large_image","twitter_misc":{"Est. reading time":"2 minutes"},"schema":{"@context":"https:\/\/schema.org","@graph":[{"@type":"WebPage","@id":"https:\/\/ri.gru.com.br\/en\/news\/notice-to-the-market-2\/","url":"https:\/\/ri.gru.com.br\/en\/news\/notice-to-the-market-2\/","name":"NOTICE TO THE MARKET - GRU Airport | IR","isPartOf":{"@id":"https:\/\/ri.gru.com.br\/en\/#website"},"datePublished":"2016-09-08T18:24:31+00:00","dateModified":"2022-03-25T18:25:10+00:00","breadcrumb":{"@id":"https:\/\/ri.gru.com.br\/en\/news\/notice-to-the-market-2\/#breadcrumb"},"inLanguage":"en-US","potentialAction":[{"@type":"ReadAction","target":["https:\/\/ri.gru.com.br\/en\/news\/notice-to-the-market-2\/"]}]},{"@type":"BreadcrumbList","@id":"https:\/\/ri.gru.com.br\/en\/news\/notice-to-the-market-2\/#breadcrumb","itemListElement":[{"@type":"ListItem","position":1,"name":"In\u00edcio","item":"https:\/\/ri.gru.com.br\/en\/"},{"@type":"ListItem","position":2,"name":"NOTICE TO THE MARKET"}]},{"@type":"WebSite","@id":"https:\/\/ri.gru.com.br\/en\/#website","url":"https:\/\/ri.gru.com.br\/en\/","name":"GRU Airport | IR","description":"Investor Relations","potentialAction":[{"@type":"SearchAction","target":{"@type":"EntryPoint","urlTemplate":"https:\/\/ri.gru.com.br\/en\/?s={search_term_string}"},"query-input":{"@type":"PropertyValueSpecification","valueRequired":true,"valueName":"search_term_string"}}],"inLanguage":"en-US"}]}},"acf":[],"_links":{"self":[{"href":"https:\/\/ri.gru.com.br\/en\/wp-json\/wp\/v2\/news\/670","targetHints":{"allow":["GET"]}}],"collection":[{"href":"https:\/\/ri.gru.com.br\/en\/wp-json\/wp\/v2\/news"}],"about":[{"href":"https:\/\/ri.gru.com.br\/en\/wp-json\/wp\/v2\/types\/news"}],"wp:attachment":[{"href":"https:\/\/ri.gru.com.br\/en\/wp-json\/wp\/v2\/media?parent=670"}],"curies":[{"name":"wp","href":"https:\/\/api.w.org\/{rel}","templated":true}]}}